{"id":4368,"date":"2021-10-14T19:13:18","date_gmt":"2021-10-14T17:13:18","guid":{"rendered":"https:\/\/www.corosdecantabria.es\/?p=4368"},"modified":"2021-10-14T19:17:48","modified_gmt":"2021-10-14T17:17:48","slug":"estreno-del-cortometraje-ouroboros","status":"publish","type":"post","link":"https:\/\/www.corosdecantabria.es\/index.php\/2021\/10\/14\/estreno-del-cortometraje-ouroboros\/","title":{"rendered":"Estreno del cortometraje &#8216;Our\u00f3boros&#8217;"},"content":{"rendered":"\n<div class=\"wp-block-columns is-layout-flex wp-container-5\">\n<div class=\"wp-block-column is-layout-flow\">\n<p><strong>El pr\u00f3ximo martes d\u00eda 26 de octubre, en el Auditorio principal del nuevo centro c\u00edvico Tabacalera, tendr\u00e1 lugar el estreno del cortometraje OUR\u00d3BOROS, en el marco del II Festival Internacional de Grupos Vocales \u201cLa Mvsica de los D\u00edas\u201d; festival creado y dirigido por Ars Poliphonica que cuenta con el patrocinio del Ayuntamiento de Santander. Posteriormente ala exhibici\u00f3n de la pel\u00edcula, se desarrollar\u00e1 un coloquio en el que se contar\u00e1 con la presencia del productor, directora e int\u00e9rpretes.<\/strong><\/p>\n\n\n\n<p><\/p>\n\n\n\n<p>El concepto Our\u00f3boros representa el eterno ciclo entre la vida y la muerte, el equilibrio perpetuo entre creaci\u00f3n y destrucci\u00f3n, el fin del principio y el principio del fin, el retorno infinito\u2026 es el pensamiento circular que todas las religiones, culturas y escuelas filos\u00f3ficas del planeta han hecho propio, desde la alquimia a la transmutaci\u00f3n\u00a0personal y espiritual en la\u00a0tradici\u00f3n herm\u00e9tica. Un rito eterno de purificaci\u00f3n en el cambio, la dualidad entre lo consciente y lo inconsciente, lo divino y lo humano, lo sacro y lo profano, el m\u00f3vil perpetuo de todo en el universo\u2026 el yin y el yang.<\/p>\n\n\n\n<p>En este cortometraje, en el que colabor\u00f3 la Consejer\u00eda de Cultura del Gobierno de Cantabria, presentamos un peregrinar emocionante y circular, plagado de simbolismos, utilizando el hilo conductor de nuestra polifon\u00eda del siglo XV y XVI, el intangible m\u00e1s hermoso que el ser humano ha sido capaz de crear, como un eje invariante a lo largo del ciclo de la vida y la obra del ser humano sobre la Tierra.<\/p>\n\n\n\n<p>Es un registro videogr\u00e1fico de extraordinario valor y calidad, que nos muestra un \u00abperegrinar\u00bb emocionante por estas m\u00fasicas hist\u00f3ricas, al tiempo que por sus lugares y sus gentes, ahondando en su valor eterno y destacando al mismo tiempo la obra constructiva del ser humano a lo largo de nuestra historia. De este modo tambi\u00e9n apostamos por la difusi\u00f3n universal de nuestro mejor patrimonio geol\u00f3gico, art\u00edstico y arquitect\u00f3nico mediante la m\u00e1s poderosa y directa de las artes, la m\u00fasica.<\/p>\n\n\n\n<p>Realizamos un corto de videoarte en el que a la mejor polifon\u00eda le sumamos un recorrido visual por el ciclo vital del ser humano sobre nuestra regi\u00f3n, apoy\u00e1ndonos en algunas localizaciones de gran inter\u00e9s de nuestra comunidad aut\u00f3noma. Este cortometraje se presenta de forma altamente original y utilizando nuevas tecnolog\u00edas, con una vertiente pedag\u00f3gica al tiempo que musical, atractiva para todo tipo de p\u00fablico. Al tiempo, a provechamos la ocasi\u00f3n para promocionar visualmente nuestra historia como pueblo, nuestra cultura y nuestro patrimonio, en un espectacular recorrido por una serie de \u201cescenarios\u201d emblem\u00e1ticos de Cantabria.<\/p>\n\n\n\n<p>Ya en los or\u00edgenes de nuestra tradici\u00f3n renacentista se conjuga mucho no s\u00f3lo de la dualidad divino\/humano sino de la tradici\u00f3n herm\u00e9tica. Y esto forma parte de los textos y tambi\u00e9n de la propia m\u00fasica. Al tiempo, un concepto como el amor representa la mayor parte de la creaci\u00f3n musical, tanto en su concepto sacro como profano (en muchos casos dos interpretaciones distintas de la misma realidad), desde las primigenias monodias de las que tenemos cuenta, hasta las obras m\u00e1s actuales; he aqu\u00ed pues presente tambi\u00e9n el concepto dual y c\u00edclico del tiempo. Pero no queda s\u00f3lo ah\u00ed, abordamos la vida y la muerte, ambas caras de una misma realidad en un universo eternamente circular.<\/p>\n\n\n\n<p>En nuestra cultura cristiano-occidental y m\u00e1s en lo que respecta a la tradici\u00f3n sacra del renacimiento, la presencia del dolor y la muerte es muy intensa, produciendo posiblemente las obras cumbres de la m\u00fasica de todos los tiempos.<\/p>\n\n\n\n<p>Adem\u00e1s, vamos a experimentar aqu\u00ed de primera mano estos conceptos, mediante el veh\u00edculo de la mejor m\u00fasica en su concepci\u00f3n m\u00e1s pura, a cappella y a s\u00f3lo una o dos voces por parte.<\/p>\n\n\n\n<p>Si la memoria de Cervantes, Vel\u00e1zquez o Juan de Herrera y su legado &#8211; por poner tres ejemplos del resto de las artes &#8211; no presenta grandes fisuras, pero no ocurre lo mismo con la que es nuestra mejor m\u00fasica, tradici\u00f3n sobre la cual se apoyan muchas otras m\u00fasicas que crecieron a su sombra. En \u201cOur\u00f3boros\u201d proseguimos con la labor de resaltar esas m\u00fasicas, pero con una vuelta de tuerca m\u00e1s, present\u00e1ndola por todo el mundo, ahondando en esa memoria de nuestras m\u00fasicas hist\u00f3ricas, y tambi\u00e9n en su repercusi\u00f3n posterior. Porque en 600 a\u00f1os de historia, no han dejado de componerse e interpretarse grandes obras musicales con mayor o menor relaci\u00f3n cultural, hist\u00f3rica o social con \u00e9stas otras primigenias, en un continuo ir a las fuentes. Para ello escogimos ese sugerente t\u00edtulo Our\u00f3boros (el c\u00edrculo infinito) en un perpetuo transcurrir desde el principio hasta hoy y vuelta al origen.<\/p>\n\n\n\n<p>Ouroboros es una antolog\u00eda, una aut\u00e9ntica experiencia musical, una recopilaci\u00f3n de obras que representan la trascendencia en la creaci\u00f3n musical, en un perpetuo viaje sobre los m\u00e1s profundos anhelos y creencias del ser humano, desde una interpretaci\u00f3n m\u00e1s o menos directa o bien, como en muchas ocasiones, totalmente aleg\u00f3rica.<\/p>\n\n\n\n<p>A lo largo de nuestra historia esos anhelos universales del ser humano han sido la verdadera inspiraci\u00f3n art\u00edstica para m\u00fasicos, poetas, pintores, escultores\u2026 que, con su creaci\u00f3n art\u00edstica, intensa y tangible, los dotan de un nuevo car\u00e1cter: cercano, humano, sensorial. Cuando de m\u00fasica hablamos, escuchar es despertar esas emociones latentes que nos han dado forma, y escuchar es siempre volver a escuchar, y volver a sorprendernos, a emocionarnos, mientras escuchamos: ouroboros. Como indicaba San Agust\u00edn, perm\u00edtanse caer por un momento en la tentaci\u00f3n de antiguas pasiones que se transformar\u00e1n en actuales, una y otra vez, a trav\u00e9s de los sonidos de la m\u00fasica, de los poemas divinos y humanos, de las odas a amores espirituales o carnales.<\/p>\n\n\n\n<p>Es precisamente la polifon\u00eda espa\u00f1ola de ayer y de hoy la que supone el n\u00facleo de este proyecto, es hacer exportable la m\u00fasica de nuestros autores m\u00e1s grandes como homenaje y al mismo tiempo recreaci\u00f3n del paisaje sonoro de la \u00e9poca. Es afianzar una se\u00f1a de identidad de Cantabria en el mundo, que va m\u00e1s all\u00e1 de la faceta meramente religiosa, literaria, arquitect\u00f3nica o pl\u00e1stica, todas ya de reconocimiento absoluto, destacando la polifon\u00eda espa\u00f1ola de la \u00e9poca, nuestra mejor m\u00fasica, con tan enormes niveles de calidad cuando es considerada con verdadero rigor y en un estudio est\u00e9tico exigente y profundo.<\/p>\n\n\n\n<p>Durante este proyecto, Ars Poliphonica se mantiene totalmente apegada a su tradici\u00f3n en el tratamiento de la m\u00fasica antigua, especialmente a la polifon\u00eda renacentista, probablemente uno de los logros m\u00e1s relevantes del arte, sin renunciar a su vocaci\u00f3n universal de acercarnos a todo tipo de m\u00fasica vocal, de todos los tiempos y en especial contempor\u00e1nea. Con una \u00fanica condici\u00f3n: que sea la mejor m\u00fasica. Con el presente cortometraje queremos acercar esta puesta en valor (y recuperaci\u00f3n) del patrimonio musical, el ambiente sonoro en que se desenvolv\u00edan aquellos primeros tiempos y conservarla y ponerla al alcance de todo el mundo. Una vuelta a nuestros inicios sin renunciar a la expresi\u00f3n de otras m\u00fasicas posteriores basadas en ella mediante el hilo conductor de este Our\u00f3boros.<\/p>\n\n\n\n<p>Un programa que Ars Poliphonica aborda con la pureza estil\u00edstica y el rigor interpretativo que les caracteriza, sobre la estructura de s\u00f3lo uno o dos cantantes por voz y siempre&nbsp;a cappella, desgranando las obras que han escogido para conmovernos y sorprendernos con su compromiso con la excelencia y su \u201capasionada dedicaci\u00f3n al tesoro de lo mejor de nuestra m\u00fasica, que es como decir, a lo mejor de nuestra historia\u201d.<\/p>\n\n\n\n<ul><li><strong>Ficha art\u00edstica<\/strong><br>Todos los int\u00e9rpretes son componentes del grupo vocal Ars Poliphonica:<br>Ana Sobrino<br>Jos\u00e9 Ra\u00fal Fern\u00e1ndez<br>Jorge Alonso Muriedas<br>Guillermo Alonso<br>Angel J. Camacho<br><\/li><li><strong>Ficha t\u00e9cnica<\/strong><br>Todos los aspectos t\u00e9cnicos y de producci\u00f3n han sido llevados a cabo por Ars Poliphonica, y Hugh McGinley, con las particularidades m\u00e1s destacadas indicadas a continuaci\u00f3n:<br>DIRECCI\u00d3N: Ana Sobrino \/Ars Poliphonica<br>GUION: Ars Poliphonica<br>PRODUCCI\u00d3N: Ars Poliphonica<br>BANDA SONORA: Ars Poliphonica, sobre obras de polifon\u00eda renacentista ib\u00e9rica.<br>PRODUCCI\u00d3N: Hugh McGinley<\/li><\/ul>\n<\/div>\n\n\n\n<div class=\"wp-block-column is-layout-flow\">\n<figure class=\"wp-block-gallery aligncenter columns-3 is-cropped wp-block-gallery-2 is-layout-flex\"><ul class=\"blocks-gallery-grid\"><li class=\"blocks-gallery-item\"><figure><img decoding=\"async\" loading=\"lazy\" width=\"1024\" height=\"655\" src=\"https:\/\/www.corosdecantabria.es\/wp-content\/uploads\/2021\/10\/ouroboros1-1024x655.jpg\" alt=\"\" data-id=\"4369\" data-full-url=\"https:\/\/www.corosdecantabria.es\/wp-content\/uploads\/2021\/10\/ouroboros1.jpg\" data-link=\"https:\/\/www.corosdecantabria.es\/?attachment_id=4369\" class=\"wp-image-4369\" srcset=\"https:\/\/www.corosdecantabria.es\/wp-content\/uploads\/2021\/10\/ouroboros1-1024x655.jpg 1024w, https:\/\/www.corosdecantabria.es\/wp-content\/uploads\/2021\/10\/ouroboros1-300x192.jpg 300w, https:\/\/www.corosdecantabria.es\/wp-content\/uploads\/2021\/10\/ouroboros1-768x492.jpg 768w, https:\/\/www.corosdecantabria.es\/wp-content\/uploads\/2021\/10\/ouroboros1.jpg 1300w\" sizes=\"(max-width: 1024px) 100vw, 1024px\" \/><\/figure><\/li><li class=\"blocks-gallery-item\"><figure><img decoding=\"async\" loading=\"lazy\" width=\"1024\" height=\"655\" src=\"https:\/\/www.corosdecantabria.es\/wp-content\/uploads\/2021\/10\/ouroboros3-1024x655.jpg\" alt=\"\" data-id=\"4371\" data-full-url=\"https:\/\/www.corosdecantabria.es\/wp-content\/uploads\/2021\/10\/ouroboros3.jpg\" data-link=\"https:\/\/www.corosdecantabria.es\/?attachment_id=4371\" class=\"wp-image-4371\" srcset=\"https:\/\/www.corosdecantabria.es\/wp-content\/uploads\/2021\/10\/ouroboros3-1024x655.jpg 1024w, https:\/\/www.corosdecantabria.es\/wp-content\/uploads\/2021\/10\/ouroboros3-300x192.jpg 300w, https:\/\/www.corosdecantabria.es\/wp-content\/uploads\/2021\/10\/ouroboros3-768x492.jpg 768w, https:\/\/www.corosdecantabria.es\/wp-content\/uploads\/2021\/10\/ouroboros3.jpg 1300w\" sizes=\"(max-width: 1024px) 100vw, 1024px\" \/><\/figure><\/li><li class=\"blocks-gallery-item\"><figure><img decoding=\"async\" loading=\"lazy\" width=\"566\" height=\"800\" src=\"https:\/\/www.corosdecantabria.es\/wp-content\/uploads\/2021\/10\/ouroboros4.jpg\" alt=\"\" data-id=\"4372\" data-full-url=\"https:\/\/www.corosdecantabria.es\/wp-content\/uploads\/2021\/10\/ouroboros4.jpg\" data-link=\"https:\/\/www.corosdecantabria.es\/?attachment_id=4372\" class=\"wp-image-4372\" srcset=\"https:\/\/www.corosdecantabria.es\/wp-content\/uploads\/2021\/10\/ouroboros4.jpg 566w, https:\/\/www.corosdecantabria.es\/wp-content\/uploads\/2021\/10\/ouroboros4-212x300.jpg 212w\" sizes=\"(max-width: 566px) 100vw, 566px\" \/><\/figure><\/li><li class=\"blocks-gallery-item\"><figure><img decoding=\"async\" loading=\"lazy\" width=\"566\" height=\"800\" src=\"https:\/\/www.corosdecantabria.es\/wp-content\/uploads\/2021\/10\/ouroboros2.jpg\" alt=\"\" data-id=\"4370\" data-full-url=\"https:\/\/www.corosdecantabria.es\/wp-content\/uploads\/2021\/10\/ouroboros2.jpg\" data-link=\"https:\/\/www.corosdecantabria.es\/?attachment_id=4370\" class=\"wp-image-4370\" srcset=\"https:\/\/www.corosdecantabria.es\/wp-content\/uploads\/2021\/10\/ouroboros2.jpg 566w, https:\/\/www.corosdecantabria.es\/wp-content\/uploads\/2021\/10\/ouroboros2-212x300.jpg 212w\" sizes=\"(max-width: 566px) 100vw, 566px\" \/><\/figure><\/li><\/ul><\/figure>\n<\/div>\n<\/div>\n","protected":false},"excerpt":{"rendered":"<p>El pr\u00f3ximo martes d\u00eda 26 de octubre, en el Auditorio principal del nuevo centro c\u00edvico Tabacalera, tendr\u00e1 lugar el estreno del cortometraje OUR\u00d3BOROS, en el marco del II Festival Internacional de Grupos Vocales \u201cLa Mvsica de los D\u00edas\u201d; festival creado y dirigido por Ars Poliphonica que cuenta con el patrocinio del Ayuntamiento de Santander. Posteriormente ala exhibici\u00f3n de la pel\u00edcula, se desarrollar\u00e1 un coloquio en el que se contar\u00e1 con la presencia del productor, directora e int\u00e9rpretes.<\/p>\n","protected":false},"author":1,"featured_media":4369,"comment_status":"closed","ping_status":"closed","sticky":false,"template":"","format":"standard","meta":[],"categories":[2],"tags":[],"_links":{"self":[{"href":"https:\/\/www.corosdecantabria.es\/index.php\/wp-json\/wp\/v2\/posts\/4368"}],"collection":[{"href":"https:\/\/www.corosdecantabria.es\/index.php\/wp-json\/wp\/v2\/posts"}],"about":[{"href":"https:\/\/www.corosdecantabria.es\/index.php\/wp-json\/wp\/v2\/types\/post"}],"author":[{"embeddable":true,"href":"https:\/\/www.corosdecantabria.es\/index.php\/wp-json\/wp\/v2\/users\/1"}],"replies":[{"embeddable":true,"href":"https:\/\/www.corosdecantabria.es\/index.php\/wp-json\/wp\/v2\/comments?post=4368"}],"version-history":[{"count":3,"href":"https:\/\/www.corosdecantabria.es\/index.php\/wp-json\/wp\/v2\/posts\/4368\/revisions"}],"predecessor-version":[{"id":4376,"href":"https:\/\/www.corosdecantabria.es\/index.php\/wp-json\/wp\/v2\/posts\/4368\/revisions\/4376"}],"wp:featuredmedia":[{"embeddable":true,"href":"https:\/\/www.corosdecantabria.es\/index.php\/wp-json\/wp\/v2\/media\/4369"}],"wp:attachment":[{"href":"https:\/\/www.corosdecantabria.es\/index.php\/wp-json\/wp\/v2\/media?parent=4368"}],"wp:term":[{"taxonomy":"category","embeddable":true,"href":"https:\/\/www.corosdecantabria.es\/index.php\/wp-json\/wp\/v2\/categories?post=4368"},{"taxonomy":"post_tag","embeddable":true,"href":"https:\/\/www.corosdecantabria.es\/index.php\/wp-json\/wp\/v2\/tags?post=4368"}],"curies":[{"name":"wp","href":"https:\/\/api.w.org\/{rel}","templated":true}]}}