{"id":4165,"date":"2019-12-14T19:37:35","date_gmt":"2019-12-14T18:37:35","guid":{"rendered":"https:\/\/www.corosdecantabria.es\/?p=4165"},"modified":"2019-12-14T20:07:16","modified_gmt":"2019-12-14T19:07:16","slug":"mas-de-3-000-voces-vuelven-a-cantar-a-la-navidad","status":"publish","type":"post","link":"https:\/\/www.corosdecantabria.es\/index.php\/2019\/12\/14\/mas-de-3-000-voces-vuelven-a-cantar-a-la-navidad\/","title":{"rendered":"M\u00e1s de 3.000 voces vuelven a cantar a la Navidad"},"content":{"rendered":"\n<p>Las voces del Orfe\u00f3n C\u00e1ntabro abre, en el Hospital de Santa Clotilde, una nueva edici\u00f3n del ciclo Cantabria Canta a la Navidad. Un cl\u00e1sico de esta \u00e9poca que organiza el Gobierno regional para acercar la m\u00fasica polif\u00f3nica por distintos escenarios de la regi\u00f3n y que concluir\u00e1 el d\u00eda 7 de enero.<\/p>\n\n\n\n<p>En la iniciativa participan 90 coros, todos ellos pertenecientes a la Federaci\u00f3n C\u00e1ntabra y el recorrido llegar\u00e1 a iglesias, residencias de la Tercera Edad, guarder\u00edas y conventos de cien ayuntamientos.<\/p>\n\n\n\n<p>La directora general de Cultura, Eva Ranea, y la presidenta de la Federaci\u00f3n, Miriam Jaurena, presentaron ayer esta nueva edici\u00f3n que acerca la m\u00fasica coral a un p\u00fablico \u00abdistinto y no habitual\u00bb en escenarios que tampoco son corrientes. As\u00ed, adem\u00e1s de llevar la Navidad hasta personas que residen en centros especiales o en hospitales, se consigue, seg\u00fan destac\u00f3 Ranea \u00abdesestacionalizar\u00bb la oferta cultural durante este periodo.<\/p>\n\n\n\n<p>Los protagonistas son, sin duda, los 90 coros que se desplazar\u00e1n hasta estos puntos para cantar sus villancicos. Este a\u00f1o, la iniciativa cuenta con dos agrupaciones nuevas: la Ronda Salina y el Coro San Jos\u00e9 de Requejada, tal y como se\u00f1al\u00f3 Jaurena, quien tambi\u00e9n anunci\u00f3 que otras cuatros corales han solicitado formar parte de esta federaci\u00f3n.<\/p>\n\n\n\n<p>Cantabria, seg\u00fan dijo, es una comunidad con un gran nivel coral y musical como demuestra el gran n\u00famero de formaciones que existen en la regi\u00f3n, \u00abdesde ochotes hasta formaciones con 50 coralistas\u00bb, asegur\u00f3. La riqueza tambi\u00e9n se demuestra en la cantidad de estilos que abarcan, \u00abdesde m\u00fasica renacentista, a jazz, pasando por todas las variaciones de m\u00fasica cl\u00e1sica\u00bb. Aunque es, el folclore regional, el tipo de canto que m\u00e1s se interpreta. \u00abNuestros coros hacen posible que la m\u00fasica tradicional c\u00e1ntabra llegue a todo el mundo y tambi\u00e9n son una pieza fundamental para conservar el legado\u00bb, indic\u00f3.<\/p>\n\n\n\n<p>Jaurena record\u00f3 que adem\u00e1s de participar en este ciclo, la Federaci\u00f3n ofrece una constante formaci\u00f3n a coralistas y profesores con nombres como Montserrat Obeso o Jes\u00fas Lavid y explic\u00f3 que en los \u00faltimos meses han proliferado el n\u00famero de coros juveniles. Respecto a los proyectos de futuro se\u00f1al\u00f3 que los retos se centran en \u00abfomentar el canto coral en los colegios para crear una cantera que permita nutrir los coros federados y los que no lo est\u00e1n\u00bb.<\/p>\n\n\n\n<p>Programaci\u00f3n del 20 de diciembre al 7 de enero<\/p>\n\n\n\n<figure class=\"wp-block-embed-pdf-viewer-embed-pdf-viewer wp-block-embed-pdf-viewer-embed-pdf-viewer__content-wrapper\"><object class=\"embed-pdf-viewer\" data=\"https:\/\/www.corosdecantabria.es\/wp-content\/uploads\/2019\/12\/canta-navidad-2019.pdf#scrollbar=1&amp;toolbar=1\" type=\"application\/pdf\" height=\"600\" width=\"800\"><\/object><iframe loading=\"lazy\" class=\"embed-pdf-viewer\" src=\"https:\/\/docs.google.com\/viewer?url=https%3A%2F%2Fwww.corosdecantabria.es%2Fwp-content%2Fuploads%2F2019%2F12%2Fcanta-navidad-2019.pdf&amp;embedded=true\" frameborder=\"0\" height=\"600\" width=\"800\"><\/iframe><\/figure>\n","protected":false},"excerpt":{"rendered":"<p>Por \u00faltimo, Juarena ha agradecido el \u201cinestimable\u201d apoyo de la Vicepresidencia a sus distintas propuestas, y ha mostrado su satisfacci\u00f3n pues a su juicio, \u201cpodemos decir que el mundo coral c\u00e1ntabro est\u00e1 en un momento de auge, ya que se ha incrementado el n\u00famero de nuevas corales que muestran su inter\u00e9s en pertenecer a la Federaci\u00f3n\u201d<\/p>\n","protected":false},"author":1,"featured_media":4166,"comment_status":"closed","ping_status":"closed","sticky":false,"template":"","format":"standard","meta":[],"categories":[2],"tags":[],"_links":{"self":[{"href":"https:\/\/www.corosdecantabria.es\/index.php\/wp-json\/wp\/v2\/posts\/4165"}],"collection":[{"href":"https:\/\/www.corosdecantabria.es\/index.php\/wp-json\/wp\/v2\/posts"}],"about":[{"href":"https:\/\/www.corosdecantabria.es\/index.php\/wp-json\/wp\/v2\/types\/post"}],"author":[{"embeddable":true,"href":"https:\/\/www.corosdecantabria.es\/index.php\/wp-json\/wp\/v2\/users\/1"}],"replies":[{"embeddable":true,"href":"https:\/\/www.corosdecantabria.es\/index.php\/wp-json\/wp\/v2\/comments?post=4165"}],"version-history":[{"count":4,"href":"https:\/\/www.corosdecantabria.es\/index.php\/wp-json\/wp\/v2\/posts\/4165\/revisions"}],"predecessor-version":[{"id":4175,"href":"https:\/\/www.corosdecantabria.es\/index.php\/wp-json\/wp\/v2\/posts\/4165\/revisions\/4175"}],"wp:featuredmedia":[{"embeddable":true,"href":"https:\/\/www.corosdecantabria.es\/index.php\/wp-json\/wp\/v2\/media\/4166"}],"wp:attachment":[{"href":"https:\/\/www.corosdecantabria.es\/index.php\/wp-json\/wp\/v2\/media?parent=4165"}],"wp:term":[{"taxonomy":"category","embeddable":true,"href":"https:\/\/www.corosdecantabria.es\/index.php\/wp-json\/wp\/v2\/categories?post=4165"},{"taxonomy":"post_tag","embeddable":true,"href":"https:\/\/www.corosdecantabria.es\/index.php\/wp-json\/wp\/v2\/tags?post=4165"}],"curies":[{"name":"wp","href":"https:\/\/api.w.org\/{rel}","templated":true}]}}