{"id":4160,"date":"2019-12-13T21:17:22","date_gmt":"2019-12-13T20:17:22","guid":{"rendered":"https:\/\/www.corosdecantabria.es\/?p=4160"},"modified":"2019-12-14T19:52:12","modified_gmt":"2019-12-14T18:52:12","slug":"cantabria-canta-navidad-2","status":"publish","type":"post","link":"https:\/\/www.corosdecantabria.es\/index.php\/2019\/12\/13\/cantabria-canta-navidad-2\/","title":{"rendered":"&#8216;Cantabria canta a la Navidad&#8217; ofrece un mes de recitales con 92 coros"},"content":{"rendered":"\n<p>La nueva edici\u00f3n de \u00abCantabria canta a la Navidad\u00bb ofrecer\u00e1 un mes de recitales de m\u00fasica en espacios poco habituales como hospitales, geri\u00e1tricos, centros de mayores, guarder\u00edas e Iglesias de toda la regi\u00f3n, en los que intervendr\u00e1n 92 coros con 3.000 cantantes.<\/p>\n\n\n\n<p>El vicepresidente y consejero de Universidades, Igualdad, Cultura y Deporte, Pablo Zuloaga, ha presentado la XIX edici\u00f3n de este programa musical impulsado por la Federaci\u00f3n C\u00e1ntabra de Coros, que arrancar\u00e1 este s\u00e1bado, 14 de diciembre, en Centro de D\u00eda de Suances donde actuar\u00e1 la coral \u00abSanta Cruz\u00bb de Escobedo.<\/p>\n\n\n\n<p>\u00abCantabria canta a la Navidad\u00bb concluir\u00e1 en esta ocasi\u00f3n el 12 de enero en la Residencia Municipal de Castro Urdiales con el recital del coro \u00abSanta Mar\u00eda\u00bb de esa localidad, seg\u00fan ha informado el Gobierno de Cantabria en un comunicado.<\/p>\n\n\n\n<p>Acompa\u00f1ado por la presidenta de la Federaci\u00f3n C\u00e1ntabra de Coros, Miriam Jaurena, Pablo Zuloaga ha destacado que se trata de una cita \u00abcl\u00e1sica para dar la bienvenida\u00bb a las fiestas navide\u00f1as \u00abcon la mejor m\u00fasica coral\u00bb de la regi\u00f3n.<\/p>\n\n\n\n<p>Juarena ha destacado la variedad de repertorios con coros de diversos estilos, que van \u201cdesde ochotes especializados en m\u00fasica antigua pasando por coros de voces mixtas dedicados a todo tipo de m\u00fasica, hasta los coros ronda que se dedican a la m\u00fasica tradicional c\u00e1ntabra\u201d.<\/p>\n\n\n\n<p>\u00abEstamos ante una iniciativa consolidada en el calendario cultural que se desarrollan en estas fechas, y que, adem\u00e1s, \u201ces muy bien acogida por el p\u00fablico, ya que, en muchos casos, la m\u00fasica se acerca a lugares donde no es normal disfrutar de este tipo de propuestas\u201d, ha incidido Zuloaga.<\/p>\n\n\n\n<p>Adem\u00e1s, ha subrayado la \u00abestrecha\u00bb colaboraci\u00f3n que su consejer\u00eda mantiene con la Federaci\u00f3n C\u00e1ntabra de Coros, que se prolonga a lo largo de todo el a\u00f1o, y ha valorado la celebraci\u00f3n del encuentro de coros j\u00f3venes y de ni\u00f1os que \u00abha servido para difundir el canto coral desde la infancia\u201d.<\/p>\n\n\n\n<p>Otra de las actividades que apoya el Gobierno son los planes de formaci\u00f3n continua que se ofrecen a todos los coros federados que, como ha indicado Miriam Jaurena, este a\u00f1o correr\u00e1n a cargo de Marina Crespo, Vanesa Saenz Arconada y Jes\u00fas Lav\u00edd, \u201ccantantes y pedagogos de reconocido prestigio\u201d.<\/p>\n\n\n\n<p>A estos se a\u00f1aden los cursos para directores y coralistas de t\u00e9cnica de direcci\u00f3n coral, que en esta ocasi\u00f3n ser\u00e1n impartidos por Esteban Sanz Velez, as\u00ed como otros de formas musicales y seminarios, \u201cque ayudan a contribuir al enriquecimiento de los miembros de esta instituci\u00f3n musical\u201d ha manifestado la presidenta de la federaci\u00f3n.<\/p>\n\n\n\n<p>Por \u00faltimo, Juarena ha agradecido el \u201cinestimable\u201d apoyo de la Vicepresidencia a sus distintas propuestas, y ha mostrado su satisfacci\u00f3n pues a su juicio, \u201cpodemos decir que el mundo coral c\u00e1ntabro est\u00e1 en un momento de auge, ya que se ha incrementado el n\u00famero de nuevas corales que muestran su inter\u00e9s en pertenecer a la Federaci\u00f3n\u201d.<\/p>\n","protected":false},"excerpt":{"rendered":"<p>Por \u00faltimo, Juarena ha agradecido el \u201cinestimable\u201d apoyo de la Vicepresidencia a sus distintas propuestas, y ha mostrado su satisfacci\u00f3n pues a su juicio, \u201cpodemos decir que el mundo coral c\u00e1ntabro est\u00e1 en un momento de auge, ya que se ha incrementado el n\u00famero de nuevas corales que muestran su inter\u00e9s en pertenecer a la Federaci\u00f3n\u201d<\/p>\n","protected":false},"author":1,"featured_media":4172,"comment_status":"closed","ping_status":"closed","sticky":false,"template":"","format":"standard","meta":[],"categories":[2],"tags":[],"_links":{"self":[{"href":"https:\/\/www.corosdecantabria.es\/index.php\/wp-json\/wp\/v2\/posts\/4160"}],"collection":[{"href":"https:\/\/www.corosdecantabria.es\/index.php\/wp-json\/wp\/v2\/posts"}],"about":[{"href":"https:\/\/www.corosdecantabria.es\/index.php\/wp-json\/wp\/v2\/types\/post"}],"author":[{"embeddable":true,"href":"https:\/\/www.corosdecantabria.es\/index.php\/wp-json\/wp\/v2\/users\/1"}],"replies":[{"embeddable":true,"href":"https:\/\/www.corosdecantabria.es\/index.php\/wp-json\/wp\/v2\/comments?post=4160"}],"version-history":[{"count":3,"href":"https:\/\/www.corosdecantabria.es\/index.php\/wp-json\/wp\/v2\/posts\/4160\/revisions"}],"predecessor-version":[{"id":4163,"href":"https:\/\/www.corosdecantabria.es\/index.php\/wp-json\/wp\/v2\/posts\/4160\/revisions\/4163"}],"wp:featuredmedia":[{"embeddable":true,"href":"https:\/\/www.corosdecantabria.es\/index.php\/wp-json\/wp\/v2\/media\/4172"}],"wp:attachment":[{"href":"https:\/\/www.corosdecantabria.es\/index.php\/wp-json\/wp\/v2\/media?parent=4160"}],"wp:term":[{"taxonomy":"category","embeddable":true,"href":"https:\/\/www.corosdecantabria.es\/index.php\/wp-json\/wp\/v2\/categories?post=4160"},{"taxonomy":"post_tag","embeddable":true,"href":"https:\/\/www.corosdecantabria.es\/index.php\/wp-json\/wp\/v2\/tags?post=4160"}],"curies":[{"name":"wp","href":"https:\/\/api.w.org\/{rel}","templated":true}]}}