{"id":3448,"date":"2019-11-22T17:28:12","date_gmt":"2019-11-22T16:28:12","guid":{"rendered":"https:\/\/www.corosdecantabria.es\/?p=3448"},"modified":"2019-12-02T18:22:05","modified_gmt":"2019-12-02T17:22:05","slug":"coral-aires-del-castro-de-hinojedo","status":"publish","type":"post","link":"https:\/\/www.corosdecantabria.es\/index.php\/2019\/11\/22\/coral-aires-del-castro-de-hinojedo\/","title":{"rendered":"Coral Aires del Castro de Hinojedo"},"content":{"rendered":"\n<div class=\"wp-block-columns is-layout-flex wp-container-3\">\n<div class=\"wp-block-column is-layout-flow\">\n<p><img decoding=\"async\" loading=\"lazy\" class=\"alignnone size-full wp-image-3324\" src=\"https:\/\/www.corosdecantabria.es\/wp-content\/uploads\/2019\/11\/icon-casa.png\" alt=\"\" width=\"16\" height=\"16\">&nbsp; *<\/p>\n\n\n\n<p><img decoding=\"async\" loading=\"lazy\" class=\"alignnone size-full wp-image-3265\" src=\"https:\/\/www.corosdecantabria.es\/wp-content\/uploads\/2019\/11\/direccion-icon.png\" alt=\"\" width=\"16\" height=\"16\">&nbsp; Hinojedo<\/p>\n\n\n\n<p><img decoding=\"async\" loading=\"lazy\" class=\"alignnone size-full wp-image-3268\" src=\"https:\/\/www.corosdecantabria.es\/wp-content\/uploads\/2019\/11\/telefono-icon.png\" alt=\"\" width=\"16\" height=\"16\">&nbsp; *<\/p>\n\n\n\n<p><img decoding=\"async\" loading=\"lazy\" class=\"alignnone size-full wp-image-3323\" src=\"https:\/\/www.corosdecantabria.es\/wp-content\/uploads\/2019\/11\/grupo-icon.png\" alt=\"\" width=\"16\" height=\"16\">&nbsp; *<\/p>\n\n\n\n<figure class=\"wp-block-table\"><table class=\"has-subtle-pale-blue-background-color has-background\"><tbody><tr><td><img decoding=\"async\" loading=\"lazy\" width=\"16\" height=\"16\" class=\"wp-image-3269\" style=\"width: 16px;\" src=\"https:\/\/www.corosdecantabria.es\/wp-content\/uploads\/2019\/11\/email-icon.png\" alt=\"\"><\/td><td><img decoding=\"async\" loading=\"lazy\" width=\"16\" height=\"16\" class=\"wp-image-3270\" style=\"width: 16px;\" src=\"https:\/\/www.corosdecantabria.es\/wp-content\/uploads\/2019\/11\/facebook-icon.png\" alt=\"\"><\/td><td><img decoding=\"async\" loading=\"lazy\" width=\"16\" height=\"16\" class=\"wp-image-3279\" style=\"width: 16px;\" src=\"https:\/\/www.corosdecantabria.es\/wp-content\/uploads\/2019\/11\/twitter-icon.png\" alt=\"\"><\/td><td><img decoding=\"async\" loading=\"lazy\" width=\"16\" height=\"16\" class=\"wp-image-3280\" style=\"width: 16px;\" src=\"https:\/\/www.corosdecantabria.es\/wp-content\/uploads\/2019\/11\/youtube-icon.png\" alt=\"\"><\/td><td><img decoding=\"async\" loading=\"lazy\" width=\"16\" height=\"16\" class=\"wp-image-3281\" style=\"width: 16px;\" src=\"https:\/\/www.corosdecantabria.es\/wp-content\/uploads\/2019\/11\/instagram-icon.png\" alt=\"\"><\/td><\/tr><\/tbody><\/table><\/figure>\n<\/div>\n\n\n\n<div class=\"wp-block-column is-layout-flow\">\n<div class=\"wp-block-image\"><figure class=\"alignright size-large\"><img decoding=\"async\" loading=\"lazy\" width=\"1024\" height=\"655\" src=\"https:\/\/www.corosdecantabria.es\/wp-content\/uploads\/2019\/11\/FOTO-CORAL-AIRES-DEL-CASTRO-1-1024x655.jpg\" alt=\"\" class=\"wp-image-3560\" srcset=\"https:\/\/www.corosdecantabria.es\/wp-content\/uploads\/2019\/11\/FOTO-CORAL-AIRES-DEL-CASTRO-1-1024x655.jpg 1024w, https:\/\/www.corosdecantabria.es\/wp-content\/uploads\/2019\/11\/FOTO-CORAL-AIRES-DEL-CASTRO-1-300x192.jpg 300w, https:\/\/www.corosdecantabria.es\/wp-content\/uploads\/2019\/11\/FOTO-CORAL-AIRES-DEL-CASTRO-1-768x492.jpg 768w, https:\/\/www.corosdecantabria.es\/wp-content\/uploads\/2019\/11\/FOTO-CORAL-AIRES-DEL-CASTRO-1-600x384.jpg 600w, https:\/\/www.corosdecantabria.es\/wp-content\/uploads\/2019\/11\/FOTO-CORAL-AIRES-DEL-CASTRO-1.jpg 1300w\" sizes=\"(max-width: 1024px) 100vw, 1024px\" \/><\/figure><\/div>\n<\/div>\n<\/div>\n\n\n<p>Nace la Coral \u201cAires del Castro\u201d de Hinojedo en mayo de 1.985 de la mano de un grupo de entusiastas del folklore c\u00e1ntabro, algunos a\u00fan hoy en d\u00eda componentes de la Agrupaci\u00f3n.<\/p>\n<p>Con el \u00edmpetu de todos hacen la presentaci\u00f3n en su pueblo el d\u00eda 28 de noviembre de 1.986. Desde entonces la Coral ha prodigado sus actuaciones por toda la geograf\u00eda c\u00e1ntabra, as\u00ed como en distintas ciudades de Espa\u00f1a; destacando tambi\u00e9n los conciertos ofrecidos en otros pa\u00edses como Francia, B\u00e9lgica, Holanda y Portugal.<\/p>\n<p>En el a\u00f1o 2005 la Coral se renov\u00f3 de la mano de una mueva directora y esta andadura estuvo plagada de entusiasmo y musicalidad, inici\u00e1ndose una nueva \u00e9poca de trabajo en la que se atreven con todo tipo de piezas.<\/p>\n<p>Desde entonces particip\u00f3 en innumerables conciertos y encuentros entre corales y en numerosos eventos dentro de su municipio. Tambi\u00e9n organizan los \u201cEncuentros interregionales\u201d donde dan paso a la m\u00fasica de otras comunidades, estableciendo con ello lazos de conexi\u00f3n con otras formas de entender esta actividad socio-cultural.&nbsp;<\/p>\n<p>Cabe destacar su participaci\u00f3n en \u201cLa Cantabile Internacional\u201d celebrada en Barcelona y las jornadas dedicadas al poeta luso Alfonso Lopes Vieira, invitados por la coral \u201cCantabilis\u201d de la ciudad de Leiria (Portugal). Su inquietud musical les lleva a fusionarse con la orquesta \u201cRetales\u201d del Conservatorio Ata\u00falfo Argenta dando dos conciertos en la ciudad de Bruselas, invitados por la Delegaci\u00f3n del Gobierno en Cantabria de dicha ciudad europea, y uno en la ciudad de Goirle-Tilburg (Holanda) invitados por el Centro de Arte y Cultura.<\/p>\n<p>Desde octubre del a\u00f1o 2.012 se hace cargo de la Coral ZORITSA BOHOSHEVYCH, su actual directora, la cual da una nueva imagen a la Coral. En la actualidad cuenta con 18 coralistas repletos de armon\u00eda y buen hacer.<\/p>\n<p>A lo largo de los a\u00f1os la Coral ha ido ampliando su repertorio, en el que tiene cabida desde el folklore c\u00e1ntabro hasta la polifon\u00eda cl\u00e1sica, el espiritual negro, villancicos, habaneras, marineras y el rico cancionero espa\u00f1ol.<\/p>","protected":false},"excerpt":{"rendered":"<p>&nbsp; * &nbsp; Hinojedo &nbsp; * &nbsp; * Nace la Coral \u201cAires del Castro\u201d de Hinojedo en mayo de 1.985 de la mano de un grupo de entusiastas del folklore c\u00e1ntabro, algunos a\u00fan hoy en d\u00eda componentes de la Agrupaci\u00f3n. Con el \u00edmpetu de todos hacen la presentaci\u00f3n en su pueblo el d\u00eda 28 de noviembre [&hellip;]<\/p>\n","protected":false},"author":2,"featured_media":3559,"comment_status":"open","ping_status":"open","sticky":false,"template":"","format":"standard","meta":[],"categories":[3],"tags":[],"_links":{"self":[{"href":"https:\/\/www.corosdecantabria.es\/index.php\/wp-json\/wp\/v2\/posts\/3448"}],"collection":[{"href":"https:\/\/www.corosdecantabria.es\/index.php\/wp-json\/wp\/v2\/posts"}],"about":[{"href":"https:\/\/www.corosdecantabria.es\/index.php\/wp-json\/wp\/v2\/types\/post"}],"author":[{"embeddable":true,"href":"https:\/\/www.corosdecantabria.es\/index.php\/wp-json\/wp\/v2\/users\/2"}],"replies":[{"embeddable":true,"href":"https:\/\/www.corosdecantabria.es\/index.php\/wp-json\/wp\/v2\/comments?post=3448"}],"version-history":[{"count":5,"href":"https:\/\/www.corosdecantabria.es\/index.php\/wp-json\/wp\/v2\/posts\/3448\/revisions"}],"predecessor-version":[{"id":3737,"href":"https:\/\/www.corosdecantabria.es\/index.php\/wp-json\/wp\/v2\/posts\/3448\/revisions\/3737"}],"wp:featuredmedia":[{"embeddable":true,"href":"https:\/\/www.corosdecantabria.es\/index.php\/wp-json\/wp\/v2\/media\/3559"}],"wp:attachment":[{"href":"https:\/\/www.corosdecantabria.es\/index.php\/wp-json\/wp\/v2\/media?parent=3448"}],"wp:term":[{"taxonomy":"category","embeddable":true,"href":"https:\/\/www.corosdecantabria.es\/index.php\/wp-json\/wp\/v2\/categories?post=3448"},{"taxonomy":"post_tag","embeddable":true,"href":"https:\/\/www.corosdecantabria.es\/index.php\/wp-json\/wp\/v2\/tags?post=3448"}],"curies":[{"name":"wp","href":"https:\/\/api.w.org\/{rel}","templated":true}]}}